{"id":5003,"date":"2023-11-13T15:02:00","date_gmt":"2023-11-13T14:02:00","guid":{"rendered":"https:\/\/sosa.sk\/?p=5003"},"modified":"2024-12-19T14:03:56","modified_gmt":"2024-12-19T13:03:56","slug":"ondrej-farkas","status":"publish","type":"post","link":"https:\/\/sosa.sk\/?p=5003","title":{"rendered":"Ondrej Farkas"},"content":{"rendered":"\n<p><em>Podpredseda SOSA<\/em><\/p>\n\n\n\n<p>V minulosti p\u00f4sobil v spolo\u010dnosti Spacemanic, ktor\u00e1 sa \u0161pecializuje na v\u00fdvoj a v\u00fdrobu nanosatelitov. Akt\u00edvne sa podie\u013eal na sp\u00e1jkovan\u00ed modulu PSU (Power Supply Unit) a MPPT (Maximum Power Point Tracking) pre tret\u00ed slovensk\u00fd satelit Veronika, ktor\u00fd bol \u00faspe\u0161ne vypusten\u00fd na obe\u017en\u00fa dr\u00e1hu 11. novembra 2023 v r\u00e1mci misie Transporter-9. Okrem toho pracoval na sp\u00e1jkovan\u00ed jedn\u00e9ho z palubn\u00fdch po\u010d\u00edta\u010dov (OBC), ktor\u00fd bude pou\u017eit\u00fd v mesa\u010dnom roveri s pl\u00e1novan\u00fdm \u0161tartom v prvom \u0161tvr\u0165roku 2025. Je spoluzakladate\u013eom spolo\u010dnosti <a href=\"https:\/\/www.entropi.space\/\" target=\"_blank\" rel=\"noreferrer noopener\">ENTROPI.space<\/a>, ktor\u00e1 sa venuje v\u00fdskumu a v\u00fdvoju technol\u00f3gi\u00ed pre simul\u00e1ciu mikrogravit\u00e1cie.<\/p>\n\n\n\n<p>Vo svojej pr\u00e1ci sa zameriava na prep\u00e1janie odborn\u00edkov, \u0161tudentov a \u0161irokej verejnosti s cie\u013eom zv\u00fd\u0161i\u0165 povedomie o mo\u017enostiach, ktor\u00e9 vesm\u00edrny sektor pon\u00faka. Ako akt\u00edvny \u010dlen vedenia SOSA sa podie\u013ea na organizovan\u00ed podujat\u00ed, workshopov a projektov, ktor\u00e9 motivuj\u00fa mlad\u00fdch \u013eud\u00ed k z\u00e1ujmu o vesm\u00edr, vedeck\u00e9 b\u00e1danie a inovat\u00edvne&nbsp;technol\u00f3gie.<\/p>\n\n\n\n<p>&nbsp;<\/p>\n\n\n\n<p><\/p>\n","protected":false},"excerpt":{"rendered":"<p>Podpredseda SOSA<\/p>\n","protected":false},"author":2,"featured_media":5004,"comment_status":"closed","ping_status":"closed","sticky":false,"template":"","format":"standard","meta":{"footnotes":""},"categories":[44],"tags":[],"class_list":["post-5003","post","type-post","status-publish","format-standard","has-post-thumbnail","hentry","category-nasi-clenovia"],"yoast_head":"<!-- This site is optimized with the Yoast SEO plugin v26.9 - https:\/\/yoast.com\/product\/yoast-seo-wordpress\/ -->\n<title>Ondrej Farkas - Slovensk\u00e1 organiz\u00e1cia pre vesm\u00edrne aktivity<\/title>\n<meta name=\"robots\" content=\"index, follow, max-snippet:-1, max-image-preview:large, max-video-preview:-1\" \/>\n<link rel=\"canonical\" href=\"https:\/\/sosa.sk\/?p=5003\" \/>\n<meta property=\"og:locale\" content=\"sk_SK\" \/>\n<meta property=\"og:type\" content=\"article\" \/>\n<meta property=\"og:title\" content=\"Ondrej Farkas - Slovensk\u00e1 organiz\u00e1cia pre vesm\u00edrne aktivity\" \/>\n<meta property=\"og:description\" content=\"Podpredseda SOSA\" \/>\n<meta property=\"og:url\" content=\"https:\/\/sosa.sk\/?p=5003\" \/>\n<meta property=\"og:site_name\" content=\"Slovensk\u00e1 organiz\u00e1cia pre vesm\u00edrne aktivity\" \/>\n<meta property=\"article:published_time\" content=\"2023-11-13T14:02:00+00:00\" \/>\n<meta property=\"article:modified_time\" content=\"2024-12-19T13:03:56+00:00\" \/>\n<meta property=\"og:image\" content=\"https:\/\/sosa.sk\/wp-content\/uploads\/2024\/12\/Ondrej_1.jpg\" \/>\n\t<meta property=\"og:image:width\" content=\"756\" \/>\n\t<meta property=\"og:image:height\" content=\"756\" \/>\n\t<meta property=\"og:image:type\" content=\"image\/jpeg\" \/>\n<meta name=\"author\" content=\"matus.toderiska@sosa.sk\" \/>\n<meta name=\"twitter:card\" content=\"summary_large_image\" \/>\n<meta name=\"twitter:label1\" content=\"Autor\" \/>\n\t<meta name=\"twitter:data1\" content=\"matus.toderiska@sosa.sk\" \/>\n\t<meta name=\"twitter:label2\" content=\"Predpokladan\u00fd \u010das \u010d\u00edtania\" \/>\n\t<meta name=\"twitter:data2\" content=\"1 min\u00fata\" \/>\n<script type=\"application\/ld+json\" class=\"yoast-schema-graph\">{\"@context\":\"https:\/\/schema.org\",\"@graph\":[{\"@type\":\"Article\",\"@id\":\"https:\/\/sosa.sk\/?p=5003#article\",\"isPartOf\":{\"@id\":\"https:\/\/sosa.sk\/?p=5003\"},\"author\":{\"name\":\"matus.toderiska@sosa.sk\",\"@id\":\"https:\/\/sosa.sk\/#\/schema\/person\/757b5e36d724b4c6923ea3750ed1803f\"},\"headline\":\"Ondrej Farkas\",\"datePublished\":\"2023-11-13T14:02:00+00:00\",\"dateModified\":\"2024-12-19T13:03:56+00:00\",\"mainEntityOfPage\":{\"@id\":\"https:\/\/sosa.sk\/?p=5003\"},\"wordCount\":182,\"image\":{\"@id\":\"https:\/\/sosa.sk\/?p=5003#primaryimage\"},\"thumbnailUrl\":\"https:\/\/sosa.sk\/wp-content\/uploads\/2024\/12\/Ondrej_1.jpg\",\"articleSection\":[\"Na\u0161i \u010dlenovia\"],\"inLanguage\":\"sk-SK\"},{\"@type\":\"WebPage\",\"@id\":\"https:\/\/sosa.sk\/?p=5003\",\"url\":\"https:\/\/sosa.sk\/?p=5003\",\"name\":\"Ondrej Farkas - Slovensk\u00e1 organiz\u00e1cia pre vesm\u00edrne aktivity\",\"isPartOf\":{\"@id\":\"https:\/\/sosa.sk\/#website\"},\"primaryImageOfPage\":{\"@id\":\"https:\/\/sosa.sk\/?p=5003#primaryimage\"},\"image\":{\"@id\":\"https:\/\/sosa.sk\/?p=5003#primaryimage\"},\"thumbnailUrl\":\"https:\/\/sosa.sk\/wp-content\/uploads\/2024\/12\/Ondrej_1.jpg\",\"datePublished\":\"2023-11-13T14:02:00+00:00\",\"dateModified\":\"2024-12-19T13:03:56+00:00\",\"author\":{\"@id\":\"https:\/\/sosa.sk\/#\/schema\/person\/757b5e36d724b4c6923ea3750ed1803f\"},\"breadcrumb\":{\"@id\":\"https:\/\/sosa.sk\/?p=5003#breadcrumb\"},\"inLanguage\":\"sk-SK\",\"potentialAction\":[{\"@type\":\"ReadAction\",\"target\":[\"https:\/\/sosa.sk\/?p=5003\"]}]},{\"@type\":\"ImageObject\",\"inLanguage\":\"sk-SK\",\"@id\":\"https:\/\/sosa.sk\/?p=5003#primaryimage\",\"url\":\"https:\/\/sosa.sk\/wp-content\/uploads\/2024\/12\/Ondrej_1.jpg\",\"contentUrl\":\"https:\/\/sosa.sk\/wp-content\/uploads\/2024\/12\/Ondrej_1.jpg\",\"width\":756,\"height\":756},{\"@type\":\"BreadcrumbList\",\"@id\":\"https:\/\/sosa.sk\/?p=5003#breadcrumb\",\"itemListElement\":[{\"@type\":\"ListItem\",\"position\":1,\"name\":\"Domovsk\u00e1 str\u00e1nka\",\"item\":\"https:\/\/sosa.sk\/\"},{\"@type\":\"ListItem\",\"position\":2,\"name\":\"Ondrej Farkas\"}]},{\"@type\":\"WebSite\",\"@id\":\"https:\/\/sosa.sk\/#website\",\"url\":\"https:\/\/sosa.sk\/\",\"name\":\"Slovensk\u00e1 organiz\u00e1cia pre vesm\u00edrne aktivity\",\"description\":\"Slovensk\u00e1 organiz\u00e1cia pre vesm\u00edrne aktivity vznikla v roku 2009 z iniciat\u00edvy nieko\u013ek\u00fdch mlad\u00fdch \u013eud\u00ed ako ob\u010dianske zdru\u017eenie. Po vzore a sk\u00fasenostiach zo zahrani\u010dia sme chceli vytvori\u0165 priestor, ktor\u00fd bude sp\u00e1ja\u0165 \u0161tudentov, v\u00fdskumn\u00edkov, amat\u00e9rov \u2013 \u013eud\u00ed r\u00f4zneho veku a vzdelania, no so spolo\u010dnou v\u00e1\u0161\u0148ou, ktorou je vesm\u00edr.\",\"potentialAction\":[{\"@type\":\"SearchAction\",\"target\":{\"@type\":\"EntryPoint\",\"urlTemplate\":\"https:\/\/sosa.sk\/?s={search_term_string}\"},\"query-input\":{\"@type\":\"PropertyValueSpecification\",\"valueRequired\":true,\"valueName\":\"search_term_string\"}}],\"inLanguage\":\"sk-SK\"},{\"@type\":\"Person\",\"@id\":\"https:\/\/sosa.sk\/#\/schema\/person\/757b5e36d724b4c6923ea3750ed1803f\",\"name\":\"matus.toderiska@sosa.sk\",\"image\":{\"@type\":\"ImageObject\",\"inLanguage\":\"sk-SK\",\"@id\":\"https:\/\/sosa.sk\/#\/schema\/person\/image\/\",\"url\":\"https:\/\/secure.gravatar.com\/avatar\/25083d626bb675c9f1c5db61eab8a269742fc51c483801c8320f9740ae375b6d?s=96&d=mm&r=g\",\"contentUrl\":\"https:\/\/secure.gravatar.com\/avatar\/25083d626bb675c9f1c5db61eab8a269742fc51c483801c8320f9740ae375b6d?s=96&d=mm&r=g\",\"caption\":\"matus.toderiska@sosa.sk\"},\"url\":\"https:\/\/sosa.sk\/?author=2\"}]}<\/script>\n<!-- \/ Yoast SEO plugin. -->","yoast_head_json":{"title":"Ondrej Farkas - Slovensk\u00e1 organiz\u00e1cia pre vesm\u00edrne aktivity","robots":{"index":"index","follow":"follow","max-snippet":"max-snippet:-1","max-image-preview":"max-image-preview:large","max-video-preview":"max-video-preview:-1"},"canonical":"https:\/\/sosa.sk\/?p=5003","og_locale":"sk_SK","og_type":"article","og_title":"Ondrej Farkas - Slovensk\u00e1 organiz\u00e1cia pre vesm\u00edrne aktivity","og_description":"Podpredseda SOSA","og_url":"https:\/\/sosa.sk\/?p=5003","og_site_name":"Slovensk\u00e1 organiz\u00e1cia pre vesm\u00edrne aktivity","article_published_time":"2023-11-13T14:02:00+00:00","article_modified_time":"2024-12-19T13:03:56+00:00","og_image":[{"width":756,"height":756,"url":"https:\/\/sosa.sk\/wp-content\/uploads\/2024\/12\/Ondrej_1.jpg","type":"image\/jpeg"}],"author":"matus.toderiska@sosa.sk","twitter_card":"summary_large_image","twitter_misc":{"Autor":"matus.toderiska@sosa.sk","Predpokladan\u00fd \u010das \u010d\u00edtania":"1 min\u00fata"},"schema":{"@context":"https:\/\/schema.org","@graph":[{"@type":"Article","@id":"https:\/\/sosa.sk\/?p=5003#article","isPartOf":{"@id":"https:\/\/sosa.sk\/?p=5003"},"author":{"name":"matus.toderiska@sosa.sk","@id":"https:\/\/sosa.sk\/#\/schema\/person\/757b5e36d724b4c6923ea3750ed1803f"},"headline":"Ondrej Farkas","datePublished":"2023-11-13T14:02:00+00:00","dateModified":"2024-12-19T13:03:56+00:00","mainEntityOfPage":{"@id":"https:\/\/sosa.sk\/?p=5003"},"wordCount":182,"image":{"@id":"https:\/\/sosa.sk\/?p=5003#primaryimage"},"thumbnailUrl":"https:\/\/sosa.sk\/wp-content\/uploads\/2024\/12\/Ondrej_1.jpg","articleSection":["Na\u0161i \u010dlenovia"],"inLanguage":"sk-SK"},{"@type":"WebPage","@id":"https:\/\/sosa.sk\/?p=5003","url":"https:\/\/sosa.sk\/?p=5003","name":"Ondrej Farkas - Slovensk\u00e1 organiz\u00e1cia pre vesm\u00edrne aktivity","isPartOf":{"@id":"https:\/\/sosa.sk\/#website"},"primaryImageOfPage":{"@id":"https:\/\/sosa.sk\/?p=5003#primaryimage"},"image":{"@id":"https:\/\/sosa.sk\/?p=5003#primaryimage"},"thumbnailUrl":"https:\/\/sosa.sk\/wp-content\/uploads\/2024\/12\/Ondrej_1.jpg","datePublished":"2023-11-13T14:02:00+00:00","dateModified":"2024-12-19T13:03:56+00:00","author":{"@id":"https:\/\/sosa.sk\/#\/schema\/person\/757b5e36d724b4c6923ea3750ed1803f"},"breadcrumb":{"@id":"https:\/\/sosa.sk\/?p=5003#breadcrumb"},"inLanguage":"sk-SK","potentialAction":[{"@type":"ReadAction","target":["https:\/\/sosa.sk\/?p=5003"]}]},{"@type":"ImageObject","inLanguage":"sk-SK","@id":"https:\/\/sosa.sk\/?p=5003#primaryimage","url":"https:\/\/sosa.sk\/wp-content\/uploads\/2024\/12\/Ondrej_1.jpg","contentUrl":"https:\/\/sosa.sk\/wp-content\/uploads\/2024\/12\/Ondrej_1.jpg","width":756,"height":756},{"@type":"BreadcrumbList","@id":"https:\/\/sosa.sk\/?p=5003#breadcrumb","itemListElement":[{"@type":"ListItem","position":1,"name":"Domovsk\u00e1 str\u00e1nka","item":"https:\/\/sosa.sk\/"},{"@type":"ListItem","position":2,"name":"Ondrej Farkas"}]},{"@type":"WebSite","@id":"https:\/\/sosa.sk\/#website","url":"https:\/\/sosa.sk\/","name":"Slovensk\u00e1 organiz\u00e1cia pre vesm\u00edrne aktivity","description":"Slovensk\u00e1 organiz\u00e1cia pre vesm\u00edrne aktivity vznikla v roku 2009 z iniciat\u00edvy nieko\u013ek\u00fdch mlad\u00fdch \u013eud\u00ed ako ob\u010dianske zdru\u017eenie. Po vzore a sk\u00fasenostiach zo zahrani\u010dia sme chceli vytvori\u0165 priestor, ktor\u00fd bude sp\u00e1ja\u0165 \u0161tudentov, v\u00fdskumn\u00edkov, amat\u00e9rov \u2013 \u013eud\u00ed r\u00f4zneho veku a vzdelania, no so spolo\u010dnou v\u00e1\u0161\u0148ou, ktorou je vesm\u00edr.","potentialAction":[{"@type":"SearchAction","target":{"@type":"EntryPoint","urlTemplate":"https:\/\/sosa.sk\/?s={search_term_string}"},"query-input":{"@type":"PropertyValueSpecification","valueRequired":true,"valueName":"search_term_string"}}],"inLanguage":"sk-SK"},{"@type":"Person","@id":"https:\/\/sosa.sk\/#\/schema\/person\/757b5e36d724b4c6923ea3750ed1803f","name":"matus.toderiska@sosa.sk","image":{"@type":"ImageObject","inLanguage":"sk-SK","@id":"https:\/\/sosa.sk\/#\/schema\/person\/image\/","url":"https:\/\/secure.gravatar.com\/avatar\/25083d626bb675c9f1c5db61eab8a269742fc51c483801c8320f9740ae375b6d?s=96&d=mm&r=g","contentUrl":"https:\/\/secure.gravatar.com\/avatar\/25083d626bb675c9f1c5db61eab8a269742fc51c483801c8320f9740ae375b6d?s=96&d=mm&r=g","caption":"matus.toderiska@sosa.sk"},"url":"https:\/\/sosa.sk\/?author=2"}]}},"_links":{"self":[{"href":"https:\/\/sosa.sk\/index.php?rest_route=\/wp\/v2\/posts\/5003","targetHints":{"allow":["GET"]}}],"collection":[{"href":"https:\/\/sosa.sk\/index.php?rest_route=\/wp\/v2\/posts"}],"about":[{"href":"https:\/\/sosa.sk\/index.php?rest_route=\/wp\/v2\/types\/post"}],"author":[{"embeddable":true,"href":"https:\/\/sosa.sk\/index.php?rest_route=\/wp\/v2\/users\/2"}],"replies":[{"embeddable":true,"href":"https:\/\/sosa.sk\/index.php?rest_route=%2Fwp%2Fv2%2Fcomments&post=5003"}],"version-history":[{"count":0,"href":"https:\/\/sosa.sk\/index.php?rest_route=\/wp\/v2\/posts\/5003\/revisions"}],"wp:featuredmedia":[{"embeddable":true,"href":"https:\/\/sosa.sk\/index.php?rest_route=\/wp\/v2\/media\/5004"}],"wp:attachment":[{"href":"https:\/\/sosa.sk\/index.php?rest_route=%2Fwp%2Fv2%2Fmedia&parent=5003"}],"wp:term":[{"taxonomy":"category","embeddable":true,"href":"https:\/\/sosa.sk\/index.php?rest_route=%2Fwp%2Fv2%2Fcategories&post=5003"},{"taxonomy":"post_tag","embeddable":true,"href":"https:\/\/sosa.sk\/index.php?rest_route=%2Fwp%2Fv2%2Ftags&post=5003"}],"curies":[{"name":"wp","href":"https:\/\/api.w.org\/{rel}","templated":true}]}}